{"id":1,"date":"2020-05-22T13:09:28","date_gmt":"2020-05-22T13:09:28","guid":{"rendered":"https:\/\/www.por-alegria.com\/blog\/?p=1"},"modified":"2020-06-22T09:32:48","modified_gmt":"2020-06-22T07:32:48","slug":"tiendas-de-danza-en-tiempos-de-pandemia","status":"publish","type":"post","link":"https:\/\/www.por-alegria.com\/blog\/tiendas-de-danza-en-tiempos-de-pandemia\/","title":{"rendered":"La danza en tiempos de pandemia"},"content":{"rendered":"\n<p><\/p>\n\n\n\n<figure class=\"wp-block-image size-large\"><img loading=\"lazy\" width=\"1024\" height=\"574\" src=\"https:\/\/www.por-alegria.com\/blog\/wp-content\/uploads\/2020\/06\/Captura-de-pantalla-2020-06-22-a-las-9.31.43-1024x574.png\" alt=\"\" class=\"wp-image-238\" srcset=\"https:\/\/www.por-alegria.com\/blog\/wp-content\/uploads\/2020\/06\/Captura-de-pantalla-2020-06-22-a-las-9.31.43-1024x574.png 1024w, https:\/\/www.por-alegria.com\/blog\/wp-content\/uploads\/2020\/06\/Captura-de-pantalla-2020-06-22-a-las-9.31.43-300x168.png 300w, https:\/\/www.por-alegria.com\/blog\/wp-content\/uploads\/2020\/06\/Captura-de-pantalla-2020-06-22-a-las-9.31.43-768x430.png 768w, https:\/\/www.por-alegria.com\/blog\/wp-content\/uploads\/2020\/06\/Captura-de-pantalla-2020-06-22-a-las-9.31.43.png 1128w\" sizes=\"(max-width: 767px) 89vw, (max-width: 1000px) 54vw, (max-width: 1071px) 543px, 580px\" \/><\/figure>\n\n\n\n<p>Pfff temazo \u00bfverdad? Te contamos: Hace ya mucho a\u00f1os comenz\u00e1bamos nuestra andadura con un blog de danza con el que tuvimos la oportunidad de conocer de cerca el panorama de la danza en Espa\u00f1a. Todo era ilusi\u00f3n, fuerza y cero miedos. No ten\u00edamos un rumbo claro, hac\u00edamos lo que realmente nos apasionaba, segu\u00edamos bailando, asist\u00edamos a todos los pases gr\u00e1ficos de todos los estrenos y cert\u00e1menes en Madrid y os lo cont\u00e1bamos todo, \u00a1qu\u00e9 tiempos!. <\/p>\n\n\n\n<p>Luego un d\u00eda de pronto empiezas a vender, oh sorpresa, s\u00ed, nuestra otra pasi\u00f3n la <a rel=\"noreferrer noopener\" href=\"https:\/\/www.por-alegria.com\/\" target=\"_blank\">tienda de danza www.por-alegria.com<\/a> nos sumergi\u00f3 en un ritmo fren\u00e9tico que desemboc\u00f3 en abandonar el blog. <\/p>\n\n\n\n<p>Hoy esta terrible pandemia nos ha hecho parar en seco a todos, y nos ha dado la oportunidad de reflexionar, \u00bfse para la danza? La respuesta es no, pero hay mucho que cambiar y mejorar empezando por cada uno de los que hemos enarbolado la bandera de #yoapoyolacultura.<\/p>\n\n\n\n<p>Nosotros volvemos a nuestra ra\u00edz, a la esencia de nuestra pasi\u00f3n por la danza y que mejor manera que con nuestro blog de danza para estar m\u00e1s cerca de vosotros \u00bfhablamos de danza?. <\/p>\n\n\n\n<p>Quer\u00edamos que nuestra primera publicaci\u00f3n fuera daros las gracias. Gracias por habernos llenado de esperanza con vuestra respuesta a la ya famosa campa\u00f1a #yoayudo de la tienda de danza <a rel=\"noreferrer noopener\" href=\"https:\/\/www.por-alegria.com\/\" target=\"_blank\">www.por-alegria.com.<\/a> <\/p>\n\n\n\n<h2>Campa\u00f1a la danza no se para de www.por-alegria.com: <a rel=\"noreferrer noopener\" href=\"https:\/\/youtu.be\/U8WW5wotjUI\" target=\"_blank\">#YOAYUDO<\/a><\/h2>\n\n\n\n<iframe width=\"560\" height=\"315\" src=\"https:\/\/www.youtube.com\/embed\/U8WW5wotjUI\" frameborder=\"0\" allow=\"accelerometer; autoplay; encrypted-media; gyroscope; picture-in-picture\" allowfullscreen=\"\"><\/iframe>\n\n\n\n<p>Si te apetece compartir con nosotros tu visi\u00f3n de la danza suscr\u00edbete a nuestro canal <a href=\"https:\/\/www.youtube.com\/c\/poralegriacomElClubdelBailar%C3%ADn\" target=\"_blank\" rel=\"noreferrer noopener\"><strong>youtube<\/strong> <\/a>y asiste en directo a las entrevistas y eventos que comienzan este viernes para <a rel=\"noreferrer noopener\" href=\"https:\/\/www.elclubdelbailarin.com\/\" target=\"_blank\">El Club del Bailar\u00edn<\/a> en Madrid.<\/p>\n\n\n\n<p>#ladanzanosepara #graciassiempre #poralegria<\/p>\n\n\n\n<p> <\/p>\n","protected":false},"excerpt":{"rendered":"<p>Pfff temazo \u00bfverdad? Te contamos: Hace ya mucho a\u00f1os comenz\u00e1bamos nuestra andadura con un blog de danza con el que tuvimos la oportunidad de conocer de cerca el panorama de la danza en Espa\u00f1a. Todo era ilusi\u00f3n, fuerza y cero miedos. No ten\u00edamos un rumbo claro, hac\u00edamos lo que realmente nos apasionaba, segu\u00edamos bailando, asist\u00edamos &hellip; <\/p>\n<p class=\"link-more\"><a href=\"https:\/\/www.por-alegria.com\/blog\/tiendas-de-danza-en-tiempos-de-pandemia\/\" class=\"more-link\">Continuar leyendo<span class=\"screen-reader-text\"> \u00abLa danza en tiempos de pandemia\u00bb<\/span><\/a><\/p>\n","protected":false},"author":2,"featured_media":239,"comment_status":"closed","ping_status":"closed","sticky":false,"template":"","format":"standard","meta":[],"categories":[10],"tags":[14,13,12],"yoast_head":"<!-- This site is optimized with the Yoast SEO plugin v15.7 - https:\/\/yoast.com\/wordpress\/plugins\/seo\/ -->\n<title>La danza en tiempos de pandemia &mdash; Blog por-alegria.com<\/title>\n<meta name=\"description\" content=\"El blog de danza de el club del bailar\u00edn en Madrid y de la tienda de danza por-alegri.com. Hablamos sobre material de danza, hablamos con bailarines y maestros, hablamos de cursos de danza, de estrenos, audiciones, becas. Hablamos de danza...\" \/>\n<meta name=\"robots\" content=\"index, follow, max-snippet:-1, max-image-preview:large, max-video-preview:-1\" \/>\n<link rel=\"canonical\" href=\"https:\/\/www.por-alegria.com\/blog\/tiendas-de-danza-en-tiempos-de-pandemia\/\" \/>\n<meta property=\"og:locale\" content=\"es_ES\" \/>\n<meta property=\"og:type\" content=\"article\" \/>\n<meta property=\"og:title\" content=\"La danza en tiempos de pandemia &mdash; Blog por-alegria.com\" \/>\n<meta property=\"og:description\" content=\"El blog de danza de el club del bailar\u00edn en Madrid y de la tienda de danza por-alegri.com. Hablamos sobre material de danza, hablamos con bailarines y maestros, hablamos de cursos de danza, de estrenos, audiciones, becas. Hablamos de danza...\" \/>\n<meta property=\"og:url\" content=\"https:\/\/www.por-alegria.com\/blog\/tiendas-de-danza-en-tiempos-de-pandemia\/\" \/>\n<meta property=\"og:site_name\" content=\"Blog por-alegria.com\" \/>\n<meta property=\"article:publisher\" content=\"https:\/\/es-es.facebook.com\/tiendadanzaporalegria\" \/>\n<meta property=\"article:published_time\" content=\"2020-05-22T13:09:28+00:00\" \/>\n<meta property=\"article:modified_time\" content=\"2020-06-22T07:32:48+00:00\" \/>\n<meta property=\"og:image\" content=\"https:\/\/www.por-alegria.com\/blog\/wp-content\/uploads\/2020\/06\/Captura-de-pantalla-2020-06-22-a-las-9.31.43-1.png\" \/>\n\t<meta property=\"og:image:width\" content=\"1128\" \/>\n\t<meta property=\"og:image:height\" content=\"632\" \/>\n<meta name=\"twitter:card\" content=\"summary_large_image\" \/>\n<meta name=\"twitter:label1\" content=\"Tiempo de lectura\">\n\t<meta name=\"twitter:data1\" content=\"1 minuto\">\n<script type=\"application\/ld+json\" class=\"yoast-schema-graph\">{\"@context\":\"https:\/\/schema.org\",\"@graph\":[{\"@type\":\"Organization\",\"@id\":\"https:\/\/www.por-alegria.com\/blog\/#organization\",\"name\":\"El club del bailar\\u00edn\",\"url\":\"https:\/\/www.por-alegria.com\/blog\/\",\"sameAs\":[\"https:\/\/es-es.facebook.com\/tiendadanzaporalegria\",\"https:\/\/www.instagram.com\/poralegria\/?hl=es\",\"https:\/\/www.youtube.com\/channel\/UCDqvF8DUCLPgdVV6Crj2j8A\"],\"logo\":{\"@type\":\"ImageObject\",\"@id\":\"https:\/\/www.por-alegria.com\/blog\/#logo\",\"inLanguage\":\"es\",\"url\":\"https:\/\/www.por-alegria.com\/blog\/wp-content\/uploads\/2020\/05\/poralegria-logo-1580573588.png\",\"width\":500,\"height\":429,\"caption\":\"El club del bailar\\u00edn\"},\"image\":{\"@id\":\"https:\/\/www.por-alegria.com\/blog\/#logo\"}},{\"@type\":\"WebSite\",\"@id\":\"https:\/\/www.por-alegria.com\/blog\/#website\",\"url\":\"https:\/\/www.por-alegria.com\/blog\/\",\"name\":\"Blog por-alegria.com\",\"description\":\"Hablamos de danza...\",\"publisher\":{\"@id\":\"https:\/\/www.por-alegria.com\/blog\/#organization\"},\"potentialAction\":[{\"@type\":\"SearchAction\",\"target\":\"https:\/\/www.por-alegria.com\/blog\/?s={search_term_string}\",\"query-input\":\"required name=search_term_string\"}],\"inLanguage\":\"es\"},{\"@type\":\"ImageObject\",\"@id\":\"https:\/\/www.por-alegria.com\/blog\/tiendas-de-danza-en-tiempos-de-pandemia\/#primaryimage\",\"inLanguage\":\"es\",\"url\":\"https:\/\/www.por-alegria.com\/blog\/wp-content\/uploads\/2020\/06\/Captura-de-pantalla-2020-06-22-a-las-9.31.43-1.png\",\"width\":1128,\"height\":632},{\"@type\":\"WebPage\",\"@id\":\"https:\/\/www.por-alegria.com\/blog\/tiendas-de-danza-en-tiempos-de-pandemia\/#webpage\",\"url\":\"https:\/\/www.por-alegria.com\/blog\/tiendas-de-danza-en-tiempos-de-pandemia\/\",\"name\":\"La danza en tiempos de pandemia &mdash; Blog por-alegria.com\",\"isPartOf\":{\"@id\":\"https:\/\/www.por-alegria.com\/blog\/#website\"},\"primaryImageOfPage\":{\"@id\":\"https:\/\/www.por-alegria.com\/blog\/tiendas-de-danza-en-tiempos-de-pandemia\/#primaryimage\"},\"datePublished\":\"2020-05-22T13:09:28+00:00\",\"dateModified\":\"2020-06-22T07:32:48+00:00\",\"description\":\"El blog de danza de el club del bailar\\u00edn en Madrid y de la tienda de danza por-alegri.com. Hablamos sobre material de danza, hablamos con bailarines y maestros, hablamos de cursos de danza, de estrenos, audiciones, becas. Hablamos de danza...\",\"inLanguage\":\"es\",\"potentialAction\":[{\"@type\":\"ReadAction\",\"target\":[\"https:\/\/www.por-alegria.com\/blog\/tiendas-de-danza-en-tiempos-de-pandemia\/\"]}]},{\"@type\":\"Article\",\"@id\":\"https:\/\/www.por-alegria.com\/blog\/tiendas-de-danza-en-tiempos-de-pandemia\/#article\",\"isPartOf\":{\"@id\":\"https:\/\/www.por-alegria.com\/blog\/tiendas-de-danza-en-tiempos-de-pandemia\/#webpage\"},\"author\":{\"@id\":\"https:\/\/www.por-alegria.com\/blog\/#\/schema\/person\/6670388d234f4ac32a0bbc0d248b6d54\"},\"headline\":\"La danza en tiempos de pandemia\",\"datePublished\":\"2020-05-22T13:09:28+00:00\",\"dateModified\":\"2020-06-22T07:32:48+00:00\",\"mainEntityOfPage\":{\"@id\":\"https:\/\/www.por-alegria.com\/blog\/tiendas-de-danza-en-tiempos-de-pandemia\/#webpage\"},\"publisher\":{\"@id\":\"https:\/\/www.por-alegria.com\/blog\/#organization\"},\"image\":{\"@id\":\"https:\/\/www.por-alegria.com\/blog\/tiendas-de-danza-en-tiempos-de-pandemia\/#primaryimage\"},\"keywords\":\"danza online,el club del bailarin madrid,tienda de danza madrid\",\"articleSection\":\"por-alegria.com\",\"inLanguage\":\"es\"},{\"@type\":\"Person\",\"@id\":\"https:\/\/www.por-alegria.com\/blog\/#\/schema\/person\/6670388d234f4ac32a0bbc0d248b6d54\",\"name\":\"RollerDanz \\u2661\"}]}<\/script>\n<!-- \/ Yoast SEO plugin. -->","_links":{"self":[{"href":"https:\/\/www.por-alegria.com\/blog\/wp-json\/wp\/v2\/posts\/1"}],"collection":[{"href":"https:\/\/www.por-alegria.com\/blog\/wp-json\/wp\/v2\/posts"}],"about":[{"href":"https:\/\/www.por-alegria.com\/blog\/wp-json\/wp\/v2\/types\/post"}],"author":[{"embeddable":true,"href":"https:\/\/www.por-alegria.com\/blog\/wp-json\/wp\/v2\/users\/2"}],"replies":[{"embeddable":true,"href":"https:\/\/www.por-alegria.com\/blog\/wp-json\/wp\/v2\/comments?post=1"}],"version-history":[{"count":12,"href":"https:\/\/www.por-alegria.com\/blog\/wp-json\/wp\/v2\/posts\/1\/revisions"}],"predecessor-version":[{"id":420,"href":"https:\/\/www.por-alegria.com\/blog\/wp-json\/wp\/v2\/posts\/1\/revisions\/420"}],"wp:featuredmedia":[{"embeddable":true,"href":"https:\/\/www.por-alegria.com\/blog\/wp-json\/wp\/v2\/media\/239"}],"wp:attachment":[{"href":"https:\/\/www.por-alegria.com\/blog\/wp-json\/wp\/v2\/media?parent=1"}],"wp:term":[{"taxonomy":"category","embeddable":true,"href":"https:\/\/www.por-alegria.com\/blog\/wp-json\/wp\/v2\/categories?post=1"},{"taxonomy":"post_tag","embeddable":true,"href":"https:\/\/www.por-alegria.com\/blog\/wp-json\/wp\/v2\/tags?post=1"}],"curies":[{"name":"wp","href":"https:\/\/api.w.org\/{rel}","templated":true}]}}